{"id":10871,"date":"2021-03-10T08:29:47","date_gmt":"2021-03-10T11:29:47","guid":{"rendered":"http:\/\/www.cobapa.org.br\/portal\/?p=10871"},"modified":"2021-03-17T13:32:28","modified_gmt":"2021-03-17T16:32:28","slug":"nota-de-falecimento-3","status":"publish","type":"post","link":"https:\/\/www.cobapa.org.br\/portal\/nota-de-falecimento-3\/","title":{"rendered":"Nota de falecimento"},"content":{"rendered":"\n<p style=\"text-align: justify;\"><span style=\"color: #000000;\">A Conven\u00e7\u00e3o Batista do Par\u00e1 vem expressar seu pesar pelo falecimento do Pr. Luiz Domingos Coelho, um grande pastor e l\u00edder Batista que tivemos em nosso Estado.<\/span><br \/><br \/><span style=\"color: #000000;\">Deus conforte a fam\u00edlia.<\/span><\/p>\n<p><img loading=\"lazy\" decoding=\"async\" class=\"aligncenter wp-image-10872 size-full\" src=\"http:\/\/www.cobapa.org.br\/portal\/wp-content\/uploads\/2021\/03\/nota-falecimento-pr-domingos.jpeg\" alt=\"\" width=\"600\" height=\"600\" srcset=\"https:\/\/www.cobapa.org.br\/portal\/wp-content\/uploads\/2021\/03\/nota-falecimento-pr-domingos.jpeg 600w, https:\/\/www.cobapa.org.br\/portal\/wp-content\/uploads\/2021\/03\/nota-falecimento-pr-domingos-150x150.jpeg 150w, https:\/\/www.cobapa.org.br\/portal\/wp-content\/uploads\/2021\/03\/nota-falecimento-pr-domingos-300x300.jpeg 300w, https:\/\/www.cobapa.org.br\/portal\/wp-content\/uploads\/2021\/03\/nota-falecimento-pr-domingos-135x135.jpeg 135w\" sizes=\"(max-width: 600px) 100vw, 600px\" \/><\/p>\n<p>\u00a0<\/p>\n<p style=\"text-align: justify;\"><strong><span style=\"color: #000000;\">Homenagem* da COBAPA ao ilustre Pr. Luiz Domingos Coelho, por seus 55 anos de minist\u00e9rio pastoral e fidelidade ao Senhor.<\/span><\/strong><\/p>\n<p style=\"text-align: justify;\">Nasceu na cidade de Pilar-Para\u00edba em<span style=\"color: #000000;\"> 24 de junho de 1928, casou-se com Helena Almeida Coelho no dia 16 de dezembro de 1955 em Santar\u00e9m-Pa, de cuja uni\u00e3o nasceram os filhos Heleniz, Helcias, Helder, Eliede e Helio. Formou-se em Teologia pelo Semin\u00e1rio Teol\u00f3gico Batista do Norte em Recife-Pe, no ano de 1953. Foi consagrado ao minist\u00e9rio pastoral em 1954 na cidade de Salgueiro &#8211; Pernambuco. Exerceu o minist\u00e9rio pastoral de tempo integral por 55 anos.<\/span><\/p>\n<p style=\"text-align: justify;\"><span style=\"color: #000000;\">Ao longo dos 55 anos de minist\u00e9rio, pastoreou as seguintes igrejas: Igreja Batista em Salgueiro-Pe em 1954; Igreja Batista em Belterra-Pa por 14 anos (1955 a 1969); Segunda Igreja Batista em Santar\u00e9m-Pa de 1970 a 1982; Primeira Igreja Batista em Icoaraci em Bel\u00e9m-Pa de 1983 a 1985; Igreja Nova Si\u00e3o em Bel\u00e9m-pa de 1986 a 1989; Igreja Batista da Pedreira em Bel\u00e9m-Pa por 17 anos (1992 at\u00e9 30 de maio de 2009), sendo substitu\u00eddo pelo seu filho o Pr. Helcias Coelho que era seu pastor auxiliar deste o dia 2 de novembro de 1995.<\/span><\/p>\n<p style=\"text-align: justify;\"><span style=\"color: #000000;\">EXERCEU OUTRAS ATIVIDADES PROFISSIONAIS E DENOMINACINAL, tais como: Fundador do Col\u00e9gio Batista de Belterra-Pa em 1962, do qual foi diretor por quatro anos; Professor do Col\u00e9gio Batista Santo Ant\u00f4nio em Belterra-Pa (1967); suplente de juiz de paz e em Belterra-Pa nomeado pelo tribunal de justi\u00e7a do Par\u00e1; Professor e capel\u00e3o do Col\u00e9gio Batista em Santar\u00e9m-Pa; Presidente da Junta administrativa do Col\u00e9gio Batista em Santar\u00e9m; Presidente da Associa\u00e7\u00e3o da igrejas Batistas em Santar\u00e9m e vice-Presidente da Ordem dos Pastores Batistas do Brasil, Se\u00e7\u00e3o Paraense.<\/span><\/p>\n<p style=\"text-align: right;\"><span style=\"color: #000000;\">Por Pr. Helcias Guilherme A. Coelho<\/span><\/p>\n<p style=\"text-align: justify;\">*<em><span style=\"font-size: 10pt;\">Extra\u00eddo do Livro do Mensageiro da 79\u00aa Assembleia da Conven\u00e7\u00e3o Batista do Par\u00e1 realizado na PIB de Santar\u00e9m &#8211; 24 a 27\u00a0 de julho de 2014. Santar\u00e9m\/PA.<\/span><\/em><\/p>\n","protected":false},"excerpt":{"rendered":"<p>A Conven\u00e7\u00e3o Batista do Par\u00e1 vem expressar seu pesar pelo falecimento do Pr. Luiz Domingos Coelho, um grande pastor e l\u00edder Batista que tivemos em nosso Estado.<\/p>\n<p>Deus conforte a fam\u00edlia.<\/p>\n","protected":false},"author":9,"featured_media":10873,"comment_status":"open","ping_status":"open","sticky":false,"template":"","format":"standard","meta":{"footnotes":""},"categories":[11],"tags":[604,162,507,622,624,408,237,623],"_links":{"self":[{"href":"https:\/\/www.cobapa.org.br\/portal\/wp-json\/wp\/v2\/posts\/10871"}],"collection":[{"href":"https:\/\/www.cobapa.org.br\/portal\/wp-json\/wp\/v2\/posts"}],"about":[{"href":"https:\/\/www.cobapa.org.br\/portal\/wp-json\/wp\/v2\/types\/post"}],"author":[{"embeddable":true,"href":"https:\/\/www.cobapa.org.br\/portal\/wp-json\/wp\/v2\/users\/9"}],"replies":[{"embeddable":true,"href":"https:\/\/www.cobapa.org.br\/portal\/wp-json\/wp\/v2\/comments?post=10871"}],"version-history":[{"count":4,"href":"https:\/\/www.cobapa.org.br\/portal\/wp-json\/wp\/v2\/posts\/10871\/revisions"}],"predecessor-version":[{"id":10877,"href":"https:\/\/www.cobapa.org.br\/portal\/wp-json\/wp\/v2\/posts\/10871\/revisions\/10877"}],"wp:featuredmedia":[{"embeddable":true,"href":"https:\/\/www.cobapa.org.br\/portal\/wp-json\/wp\/v2\/media\/10873"}],"wp:attachment":[{"href":"https:\/\/www.cobapa.org.br\/portal\/wp-json\/wp\/v2\/media?parent=10871"}],"wp:term":[{"taxonomy":"category","embeddable":true,"href":"https:\/\/www.cobapa.org.br\/portal\/wp-json\/wp\/v2\/categories?post=10871"},{"taxonomy":"post_tag","embeddable":true,"href":"https:\/\/www.cobapa.org.br\/portal\/wp-json\/wp\/v2\/tags?post=10871"}],"curies":[{"name":"wp","href":"https:\/\/api.w.org\/{rel}","templated":true}]}}