{"id":13185,"date":"2024-09-13T20:38:00","date_gmt":"2024-09-13T23:38:00","guid":{"rendered":"https:\/\/www.cobapa.org.br\/portal\/?p=13185"},"modified":"2024-09-18T10:39:22","modified_gmt":"2024-09-18T13:39:22","slug":"edital-de-convocacao-para-assembleia-geral-ordinaria","status":"publish","type":"post","link":"https:\/\/www.cobapa.org.br\/portal\/edital-de-convocacao-para-assembleia-geral-ordinaria\/","title":{"rendered":"Edital de convoca\u00e7\u00e3o para 84\u00ba Assembleia Geral Ordin\u00e1ria"},"content":{"rendered":"\n\n\n<p><img loading=\"lazy\" decoding=\"async\" class=\"aligncenter wp-image-13186 size-full\" src=\"https:\/\/www.cobapa.org.br\/portal\/wp-content\/uploads\/2024\/09\/EDITAL-CONV-14.11.2024-_Assemb-Geral_Ordinaria-COBAPA__assinado.png\" alt=\"Edital de convoca\u00e7\u00e3o para a assembleia geral ordin\u00e1ria da Conven\u00e7\u00e3o Batista do Par\u00e1\" width=\"2481\" height=\"3509\" srcset=\"https:\/\/www.cobapa.org.br\/portal\/wp-content\/uploads\/2024\/09\/EDITAL-CONV-14.11.2024-_Assemb-Geral_Ordinaria-COBAPA__assinado.png 2481w, https:\/\/www.cobapa.org.br\/portal\/wp-content\/uploads\/2024\/09\/EDITAL-CONV-14.11.2024-_Assemb-Geral_Ordinaria-COBAPA__assinado-212x300.png 212w, https:\/\/www.cobapa.org.br\/portal\/wp-content\/uploads\/2024\/09\/EDITAL-CONV-14.11.2024-_Assemb-Geral_Ordinaria-COBAPA__assinado-1448x2048.png 1448w, https:\/\/www.cobapa.org.br\/portal\/wp-content\/uploads\/2024\/09\/EDITAL-CONV-14.11.2024-_Assemb-Geral_Ordinaria-COBAPA__assinado-768x1086.png 768w, https:\/\/www.cobapa.org.br\/portal\/wp-content\/uploads\/2024\/09\/EDITAL-CONV-14.11.2024-_Assemb-Geral_Ordinaria-COBAPA__assinado-1086x1536.png 1086w, https:\/\/www.cobapa.org.br\/portal\/wp-content\/uploads\/2024\/09\/EDITAL-CONV-14.11.2024-_Assemb-Geral_Ordinaria-COBAPA__assinado-640x905.png 640w\" sizes=\"(max-width: 2481px) 100vw, 2481px\" \/><\/p>\n<p><a href=\"https:\/\/cobapa.owns.com.br\/assembleia_cbbs\/land_page\/31\" target=\"_blank\" rel=\"noopener\"><img loading=\"lazy\" decoding=\"async\" class=\"aligncenter wp-image-9057 size-full\" src=\"https:\/\/www.cobapa.org.br\/portal\/wp-content\/uploads\/2019\/01\/logo-inscricao.png\" alt=\"\" width=\"467\" height=\"108\" srcset=\"https:\/\/www.cobapa.org.br\/portal\/wp-content\/uploads\/2019\/01\/logo-inscricao.png 467w, https:\/\/www.cobapa.org.br\/portal\/wp-content\/uploads\/2019\/01\/logo-inscricao-300x69.png 300w\" sizes=\"(max-width: 467px) 100vw, 467px\" \/><\/a><\/p>\n","protected":false},"excerpt":{"rendered":"<p>O presidente da Conven\u00e7\u00e3o Batista do Par\u00e1, Pr. JOSUBERTI RODRIGUES COSTA, no uso desuas atribui\u00e7\u00f5es que lhe confere o Estatuto da Conven\u00e7\u00e3o, com base no artigo 6\u00ba, \u00a7 1\u00ba, e artigo 8\u00ba, inciso II, e o Regimento Interno, com base no artigo 2\u00ba, par\u00e1grafo \u00fanico, artigo 9\u00ba, \u00a7 3\u00ba, CONVOCA as Igrejas Batistas do Par\u00e1 filiadas a COBAPA<\/p>\n","protected":false},"author":230,"featured_media":13160,"comment_status":"open","ping_status":"open","sticky":false,"template":"","format":"standard","meta":{"footnotes":""},"categories":[278],"tags":[752,302,403,778,810],"_links":{"self":[{"href":"https:\/\/www.cobapa.org.br\/portal\/wp-json\/wp\/v2\/posts\/13185"}],"collection":[{"href":"https:\/\/www.cobapa.org.br\/portal\/wp-json\/wp\/v2\/posts"}],"about":[{"href":"https:\/\/www.cobapa.org.br\/portal\/wp-json\/wp\/v2\/types\/post"}],"author":[{"embeddable":true,"href":"https:\/\/www.cobapa.org.br\/portal\/wp-json\/wp\/v2\/users\/230"}],"replies":[{"embeddable":true,"href":"https:\/\/www.cobapa.org.br\/portal\/wp-json\/wp\/v2\/comments?post=13185"}],"version-history":[{"count":6,"href":"https:\/\/www.cobapa.org.br\/portal\/wp-json\/wp\/v2\/posts\/13185\/revisions"}],"predecessor-version":[{"id":13204,"href":"https:\/\/www.cobapa.org.br\/portal\/wp-json\/wp\/v2\/posts\/13185\/revisions\/13204"}],"wp:featuredmedia":[{"embeddable":true,"href":"https:\/\/www.cobapa.org.br\/portal\/wp-json\/wp\/v2\/media\/13160"}],"wp:attachment":[{"href":"https:\/\/www.cobapa.org.br\/portal\/wp-json\/wp\/v2\/media?parent=13185"}],"wp:term":[{"taxonomy":"category","embeddable":true,"href":"https:\/\/www.cobapa.org.br\/portal\/wp-json\/wp\/v2\/categories?post=13185"},{"taxonomy":"post_tag","embeddable":true,"href":"https:\/\/www.cobapa.org.br\/portal\/wp-json\/wp\/v2\/tags?post=13185"}],"curies":[{"name":"wp","href":"https:\/\/api.w.org\/{rel}","templated":true}]}}