{"id":6663,"date":"2016-10-10T11:43:24","date_gmt":"2016-10-10T14:43:24","guid":{"rendered":"http:\/\/www.cobapa.org.br\/portal\/?p=6663"},"modified":"2016-10-10T12:53:30","modified_gmt":"2016-10-10T15:53:30","slug":"a-cobapa-vive-um-momento-de-grandes-expectativas","status":"publish","type":"post","link":"https:\/\/www.cobapa.org.br\/portal\/a-cobapa-vive-um-momento-de-grandes-expectativas\/","title":{"rendered":"A Cobapa vive um momento de grandes expectativas"},"content":{"rendered":"<p style=\"text-align: justify;\">Na reuni\u00e3o do Conselho de Planejamento e Coordena\u00e7\u00e3o da Cobapa, realizada em 08 de junho de 2016,\u00a0elencamos as a\u00e7\u00f5es relevantes e estrat\u00e9gicas que a Conven\u00e7\u00e3o Batista do Par\u00e1 realizou no per\u00edodo de fevereiro a maio de 2016, por meio de sua engrenagem em todo o estado do Par\u00e1, o que mostrou que a Cobapa est\u00e1 em a\u00e7\u00e3o.<\/p>\n<p style=\"text-align: justify;\">Tamb\u00e9m na reuni\u00e3o passada ventilou-se sobre a necessidade de cortar gastos para compatibilizar as despesas com as receitas. Visto que as receitas est\u00e3o diminuindo, as despesas devem ser reduzidas. N\u00e3o se pode gastar mais do que se arrecada. Seguindo essa filosofia, que deve nortear a conjuntura denominacional, significando que devemos entrar num per\u00edodo de rigorosa austeridade financeira, tomamos a liberdade de reduzir v\u00e1rias a\u00e7\u00f5es at\u00e9 dezembro de 2016.<\/p>\n<p style=\"text-align: justify;\">Uma grande analise ser\u00e1 feita de setembro a dezembro buscando uma resposta de redu\u00e7\u00e3o na ordem de 30 a 40 por cento para que a Cobapa tenha condi\u00e7\u00f5es de continuar caminhando nesse tempo de crise econ\u00f4mica no Pa\u00eds. Todos os mission\u00e1rios coordenadores est\u00e3o sendo conscientizados bem como os funcion\u00e1rios da sede. Vamos implementar a\u00e7\u00f5es visando contato com as igrejas para que fa\u00e7am um esfor\u00e7o grande para n\u00e3o cortarem as contribui\u00e7\u00f5es destinadas \u00e0 Cobapa.<\/p>\n<p style=\"text-align: justify;\">Apesar de tudo, a Conven\u00e7\u00e3o vive um momento de grandes expectativas, haja vista, que as a\u00e7\u00f5es convencionais s\u00e3o bem recebidas pelo povo. Podemos destacar:<\/p>\n<p style=\"text-align: justify;\">&#8211; <strong>Excelente evento que foi o SEMINARIO de Igreja Multiplicadora e PGM na regi\u00e3o do Xing\u00fa,<\/strong> Altamira, o qual foi muito bem aceito pelo povo batista comparecendo mais de cem participantes, no templo da Primeira Igreja Batista, no per\u00edodo de 10 a 12 de junho de 2016. O evento foi uma parceria entre Cobapa, Abax e JMN.<\/p>\n<p style=\"text-align: justify;\">&#8211; <strong>Hist\u00f3rica <a href=\"http:\/\/www.cobapa.org.br\/portal\/grandes-desafios-missionarios-no-marajo\/\">formatura do Instituto B\u00edblico Cobapa (IBC) no Maraj\u00f3<\/a>.<\/strong> A Conven\u00e7\u00e3o nunca esteve t\u00e3o perto do povo da Ilha de Maraj\u00f3 como est\u00e1 atualmente. A referida formatura ocorreu na cidade de Breves, na lideran\u00e7a do senhor Coordenador Pr. Raimundo Borges (pop. Pr. Lennon) e do senhor Coordenador estadual do IBC Pr. Jos\u00e9 Leonel dos Santos Silva, acompanhado pelo Diretor da Cobapa Pr. Ruy G. Ferreira. Foi no dia 25\/06\/2016, fazendo parte da formatura alunos de Breves, Curralinho, Bagre e Portel.<\/p>\n<p style=\"text-align: justify;\">&#8211; <strong>Novo Projeto de <a href=\"http:\/\/www.cobapa.org.br\/portal\/visita-missionaria-a-ponta-de-pedras\/\">Planta\u00e7\u00e3o de Igreja em Ponta de Pedras na Ilha de Maraj\u00f3<\/a>. <\/strong>Mais uma cidade est\u00e1 sendo alcan\u00e7ada com o Evangelho de Jesus Cristo pelos batistas do Par\u00e1, \u00e9 a cidade de Ponta de Pedras na Ilha de Maraj\u00f3. O projeto iniciou com o impacto RADICAL Cobapa em julho e o casal de mission\u00e1rios est\u00e1 sendo efetivado a partir de 01 de setembro de 2016.<\/p>\n<p style=\"text-align: justify;\">&#8211; <strong>A Cobapa oferece Assessoria Jur\u00eddica gratuita \u00e0s Igrejas Batistas do campo.<\/strong> A Conven\u00e7\u00e3o Batista do Par\u00e1 com a vis\u00e3o correta de servir as igrejas do campo vem disponibilizando, por meio de um convenio mission\u00e1rio jur\u00eddico, com Dr. Nixon Rocha e Dr. Carlos Maia, assessoria jur\u00eddica gratuita \u00e0s igrejas do nosso campo. O objetivo \u00e9 servir as igrejas da melhor maneira poss\u00edvel no campo jur\u00eddico. Existem muitas igrejas com dificuldade de reunir sua documenta\u00e7\u00e3o para concretizar sua filia\u00e7\u00e3o \u00e0 Conven\u00e7\u00e3o.<\/p>\n<p style=\"text-align: justify;\">&#8211; <strong>A Conven\u00e7\u00e3o Batista do Par\u00e1 presente no Caf\u00e9 da CBB na PIB do Par\u00e1, em 02\/07\/2016. <\/strong>Toda lideran\u00e7a Convencional esteve presente no referido caf\u00e9, para consolidar o apoio da Cobapa ao evento \u2013 Assembleia da CBB em 2017 em Bel\u00e9m.<\/p>\n<p style=\"text-align: justify;\">&#8211; <strong>Realiza\u00e7\u00e3o do Congresso Estadual de uma Organiza\u00e7\u00e3o Executiva \u2013 JUBAPA.<\/strong> A Conven\u00e7\u00e3o Batista do Par\u00e1 deu toda o apoio para o referido evento, pessoal e financeiro, e disponibilizou sua lideran\u00e7a para estar presente no evento que ocorreu de 15 a 17 de julho de 2016, na cidade de Santar\u00e9m.<\/p>\n<p style=\"text-align: justify;\">&#8211; <strong>A Conven\u00e7\u00e3o mais perto das Igrejas do Sul do Par\u00e1.<\/strong> A Coordenadoria Regional do Sul foi criada em janeiro de 2016, tendo como Coordenador Regional o Pr. Alcir Risuenho, o qual est\u00e1 realizando um bom trabalho. Recomendamos uma a\u00e7\u00e3o urgente na regi\u00e3o de Reden\u00e7\u00e3o, a qual foi feita e cujo resultado foi promissor para os objetivos convencionais. O Coordenador esteve no Sul no per\u00edodo de 5 a 7 de agosto, visitou igrejas e dialogou com a lideran\u00e7a sobre os objetivos da Cobapa na regi\u00e3o.\u00a0<\/p>\n<p style=\"text-align: justify;\">&#8211; <strong>A Conven\u00e7\u00e3o Batista do Par\u00e1, a partir de 2010, optou por gerir o campo por meio de Coordenadorias Regionais. A ideia \u00e9 criar uma Coordenadoria em cada regi\u00e3o. No momento ainda n\u00e3o foram criadas Coordenadorias no Xingu e no Tapaj\u00f3s. <\/strong>As nove (9) coordenadorias criadas est\u00e3o funcionando regularmente bem. As dificuldades encontradas e que vem sendo solucionadas devem-se ao fato de que, no meio batista, n\u00e3o s\u00e3o ministrados cursos de gest\u00e3o ou lideran\u00e7a. Por\u00e9m, os coordenadores est\u00e3o sendo capacitados por meio de leituras recomendadas e de reuni\u00f5es de gest\u00e3o onde s\u00e3o repassados os conte\u00fados e princ\u00edpios de gest\u00e3o e lideran\u00e7a. Acredita-se que em alguns anos a cultura de Gest\u00e3o e Lideran\u00e7a por meio de Coordenadorias Regionais, ser\u00e1 muito aceito e ben\u00e9fico ao campo. <strong>Hoje j\u00e1 podemos dizer que a Cobapa est\u00e1 servindo mais e est\u00e1 muito mais perto das igrejas por meio dos Mission\u00e1rios Coordenadores.<\/strong><\/p>\n<p style=\"text-align: justify;\">&#8211; <strong>Realiza\u00e7\u00e3o do Congresso Estadual de uma Organiza\u00e7\u00e3o Executiva \u2013 UMHB.<\/strong> A Conven\u00e7\u00e3o Batista do Par\u00e1 deu todo o apoio para o referido evento e disponibilizou seu Conselheiro Pr. Jos\u00e9 Carlos Lopes bem como seus Coordenadores para estarem presentes e serem efetivos na realiza\u00e7\u00e3o. Destaca-se o Coordenador Regional Pr. Rubens Figueiredo de Lima, que recebeu miss\u00e3o especifica de ajudar antes, durante e depois do evento, ao senhor presidente da UMHB Irm\u00e3o Ad\u00e3o J\u00falio. O referido Congresso ocorreu nos dias 19 a 21 de agosto de 2016, em Tucuru\u00ed, no templo da Igreja Batista Memorial.<\/p>\n<p style=\"text-align: justify;\">&#8211; <strong>A Cobapa est\u00e1 em A\u00e7\u00e3o.<\/strong> Todos os dias de segunda a sexta feira o escrit\u00f3rio da Cobapa esta aberto para atender o povo batista. Todos os dias de ter\u00e7a a domingo os senhores Mission\u00e1rios Coordenadores Regionais est\u00e3o em a\u00e7\u00e3o em suas regionais, realizando o trabalho mission\u00e1rio da Cobapa. Todos os dias o Diretor Executivo da Cobapa est\u00e1 em A\u00e7\u00e3o ocupado com os objetivos da Conven\u00e7\u00e3o. A Obra que cabe a uma Conven\u00e7\u00e3o est\u00e1 sendo feita. A Parceria da Cobapa com as igrejas do campo est\u00e1 consolidada. A parceria da Cobapa com a OPBB-PA, est\u00e1 acontecendo de maneira aben\u00e7oadora. A parceria da Cobapa com as Organiza\u00e7\u00f5es da CBB tamb\u00e9m est\u00e1 funcionando.<\/p>\n<p style=\"text-align: justify;\">N\u00e3o realizamos tudo o que dever\u00edamos realizar, por\u00e9m, realizamos tudo o que foi poss\u00edvel. Por isso agradecemos ao nosso Deus, ao Conselho, a Equipe Executiva da Cobapa, e tamb\u00e9m, a todas as igrejas e seus dign\u00edssimos pastores e lideres, que t\u00eam apoiado o trabalho da nossa Conven\u00e7\u00e3o.<\/p>\n<p style=\"text-align: justify;\"><strong>Pr. Ruy Gon\u00e7alves Ferreira<\/strong><br \/>\n<span style=\"font-size: 10pt;\">Diretor Executivo da Cobapa<\/span><\/p>\n","protected":false},"excerpt":{"rendered":"<p>Na reuni\u00e3o do Conselho de Planejamento e Coordena\u00e7\u00e3o da Cobapa, realizada em 08 de junho de 2016,\u00a0elencamos as a\u00e7\u00f5es relevantes e estrat\u00e9gicas que a Conven\u00e7\u00e3o Batista do Par\u00e1 realizou no per\u00edodo de fevereiro a maio de 2016, por meio de sua engrenagem em todo o estado do Par\u00e1, o que mostrou que a Cobapa est\u00e1 em a\u00e7\u00e3o. Tamb\u00e9m na reuni\u00e3o [&hellip;]<\/p>\n","protected":false},"author":5,"featured_media":346,"comment_status":"open","ping_status":"closed","sticky":false,"template":"","format":"standard","meta":{"footnotes":""},"categories":[14],"tags":[231,270],"_links":{"self":[{"href":"https:\/\/www.cobapa.org.br\/portal\/wp-json\/wp\/v2\/posts\/6663"}],"collection":[{"href":"https:\/\/www.cobapa.org.br\/portal\/wp-json\/wp\/v2\/posts"}],"about":[{"href":"https:\/\/www.cobapa.org.br\/portal\/wp-json\/wp\/v2\/types\/post"}],"author":[{"embeddable":true,"href":"https:\/\/www.cobapa.org.br\/portal\/wp-json\/wp\/v2\/users\/5"}],"replies":[{"embeddable":true,"href":"https:\/\/www.cobapa.org.br\/portal\/wp-json\/wp\/v2\/comments?post=6663"}],"version-history":[{"count":4,"href":"https:\/\/www.cobapa.org.br\/portal\/wp-json\/wp\/v2\/posts\/6663\/revisions"}],"predecessor-version":[{"id":6667,"href":"https:\/\/www.cobapa.org.br\/portal\/wp-json\/wp\/v2\/posts\/6663\/revisions\/6667"}],"wp:featuredmedia":[{"embeddable":true,"href":"https:\/\/www.cobapa.org.br\/portal\/wp-json\/wp\/v2\/media\/346"}],"wp:attachment":[{"href":"https:\/\/www.cobapa.org.br\/portal\/wp-json\/wp\/v2\/media?parent=6663"}],"wp:term":[{"taxonomy":"category","embeddable":true,"href":"https:\/\/www.cobapa.org.br\/portal\/wp-json\/wp\/v2\/categories?post=6663"},{"taxonomy":"post_tag","embeddable":true,"href":"https:\/\/www.cobapa.org.br\/portal\/wp-json\/wp\/v2\/tags?post=6663"}],"curies":[{"name":"wp","href":"https:\/\/api.w.org\/{rel}","templated":true}]}}