{"id":6971,"date":"2017-02-23T09:50:42","date_gmt":"2017-02-23T12:50:42","guid":{"rendered":"http:\/\/www.cobapa.org.br\/portal\/?p=6971"},"modified":"2017-02-23T10:03:28","modified_gmt":"2017-02-23T13:03:28","slug":"novos-tempos","status":"publish","type":"post","link":"https:\/\/www.cobapa.org.br\/portal\/novos-tempos\/","title":{"rendered":"Novos Tempos"},"content":{"rendered":"<p style=\"text-align: justify;\"><a href=\"http:\/\/www.cobapa.org.br\/portal\/wp-content\/uploads\/2017\/02\/abibet-fatebe-2017.jpg\"><img loading=\"lazy\" decoding=\"async\" class=\"aligncenter size-full wp-image-6975\" src=\"http:\/\/www.cobapa.org.br\/portal\/wp-content\/uploads\/2017\/02\/abibet-fatebe-2017.jpg\" alt=\"abibet-fatebe-2017\" width=\"1024\" height=\"768\" srcset=\"https:\/\/www.cobapa.org.br\/portal\/wp-content\/uploads\/2017\/02\/abibet-fatebe-2017.jpg 1024w, https:\/\/www.cobapa.org.br\/portal\/wp-content\/uploads\/2017\/02\/abibet-fatebe-2017-300x225.jpg 300w, https:\/\/www.cobapa.org.br\/portal\/wp-content\/uploads\/2017\/02\/abibet-fatebe-2017-768x576.jpg 768w\" sizes=\"(max-width: 1024px) 100vw, 1024px\" \/><\/a>O Diretor Executivo da Cobapa Pr. Ruy Gon\u00e7alves Ferreira, participou de uma reuni\u00e3o na Fatebe\/STBE no dia 16\/02\/2017, ocasi\u00e3o em que o respons\u00e1vel da ABIBET (Associa\u00e7\u00e3o Brasileira de Institui\u00e7\u00f5es Batistas de Ensino Teol\u00f3gico &#8211; Entidade da Conven\u00e7\u00e3o Batista Brasileira) junto com od professores do referido Semin\u00e1rio contribu\u00edram com o PPT (Projeto Pedag\u00f3gico Teol\u00f3gico) documento que ser\u00e1 aprovado na pr\u00f3xima Assembleia da CBB.<\/p>\n<p style=\"text-align: justify;\">Este documento tem por finalidade reger todas as a\u00e7\u00f5es da Fatebe\/STBE abrangendo as \u00e1reas de gest\u00e3o administrativa, discente e docente.<\/p>\n","protected":false},"excerpt":{"rendered":"<p>O Diretor Executivo da Cobapa Pr. Ruy Gon\u00e7alves Ferreira, participou de uma reuni\u00e3o na Fatebe\/STBE no dia 16\/02\/2017, ocasi\u00e3o em que o respons\u00e1vel da ABIBET (Associa\u00e7\u00e3o Brasileira de Institui\u00e7\u00f5es Batistas de Ensino Teol\u00f3gico &#8211; Entidade da Conven\u00e7\u00e3o Batista Brasileira) junto com od professores do referido Semin\u00e1rio contribu\u00edram com o PPT (Projeto Pedag\u00f3gico Teol\u00f3gico) documento que ser\u00e1 aprovado na pr\u00f3xima Assembleia [&hellip;]<\/p>\n","protected":false},"author":9,"featured_media":6975,"comment_status":"open","ping_status":"open","sticky":false,"template":"","format":"standard","meta":{"footnotes":""},"categories":[278],"tags":[],"_links":{"self":[{"href":"https:\/\/www.cobapa.org.br\/portal\/wp-json\/wp\/v2\/posts\/6971"}],"collection":[{"href":"https:\/\/www.cobapa.org.br\/portal\/wp-json\/wp\/v2\/posts"}],"about":[{"href":"https:\/\/www.cobapa.org.br\/portal\/wp-json\/wp\/v2\/types\/post"}],"author":[{"embeddable":true,"href":"https:\/\/www.cobapa.org.br\/portal\/wp-json\/wp\/v2\/users\/9"}],"replies":[{"embeddable":true,"href":"https:\/\/www.cobapa.org.br\/portal\/wp-json\/wp\/v2\/comments?post=6971"}],"version-history":[{"count":3,"href":"https:\/\/www.cobapa.org.br\/portal\/wp-json\/wp\/v2\/posts\/6971\/revisions"}],"predecessor-version":[{"id":6976,"href":"https:\/\/www.cobapa.org.br\/portal\/wp-json\/wp\/v2\/posts\/6971\/revisions\/6976"}],"wp:featuredmedia":[{"embeddable":true,"href":"https:\/\/www.cobapa.org.br\/portal\/wp-json\/wp\/v2\/media\/6975"}],"wp:attachment":[{"href":"https:\/\/www.cobapa.org.br\/portal\/wp-json\/wp\/v2\/media?parent=6971"}],"wp:term":[{"taxonomy":"category","embeddable":true,"href":"https:\/\/www.cobapa.org.br\/portal\/wp-json\/wp\/v2\/categories?post=6971"},{"taxonomy":"post_tag","embeddable":true,"href":"https:\/\/www.cobapa.org.br\/portal\/wp-json\/wp\/v2\/tags?post=6971"}],"curies":[{"name":"wp","href":"https:\/\/api.w.org\/{rel}","templated":true}]}}