{"id":9015,"date":"2018-12-07T17:33:27","date_gmt":"2018-12-07T20:33:27","guid":{"rendered":"http:\/\/www.cobapa.org.br\/portal\/?p=9015"},"modified":"2022-08-03T11:33:42","modified_gmt":"2022-08-03T14:33:42","slug":"projeto-radical-cobapa-impacta-o-bairro-de-canudos-em-belem-pa","status":"publish","type":"post","link":"https:\/\/www.cobapa.org.br\/portal\/projeto-radical-cobapa-impacta-o-bairro-de-canudos-em-belem-pa\/","title":{"rendered":"Projeto Radical Cobapa impacta o bairro de Canudos em Bel\u00e9m\/PA"},"content":{"rendered":"<p style=\"text-align: justify;\"><span style=\"font-family: helvetica, arial, sans-serif;\">O Projeto Radical Cobapa \u00e9 um projeto de impacto mission\u00e1rio criado pela atual Diretoria Executiva da Cobapa, utilizado como ferramenta de mobiliza\u00e7\u00e3o e gest\u00e3o de volunt\u00e1rios no fortalecimento e planta\u00e7\u00e3o de igrejas em v\u00e1rias cidades e regi\u00f5es do Par\u00e1. Na sua terceira edi\u00e7\u00e3o realizada em Bel\u00e9m, realizado nos dias 17 a 19 de agosto no bairro de Canudos, estivemos levando as boas do Evangelho de Cristo Jesus com a participa\u00e7\u00e3o de 50 volunt\u00e1rios do Projeto Radical Cobapa.<\/span><\/p>\n<p style=\"text-align: justify;\"><span style=\"font-family: helvetica, arial, sans-serif;\">Muitos s\u00e3o os desafios do campo, n\u00e3o foi diferente em canudos. Apesar de ser o menor bairro da cidade, o \u00edndice de criminalidade \u00e9 presente pela proximidade de zonas vermelhas ao seu redor, entre outros fatores, incentivamos aos amados irm\u00e3os a continuarem orando e intercedendo pelas casas que foram alcan\u00e7adas e que ainda ser\u00e3o pelo trabalho e cuidados da Igreja Local.<\/span><\/p>\n<p style=\"text-align: justify;\"><span style=\"font-family: helvetica, arial, sans-serif;\">Na convic\u00e7\u00e3o da ordena\u00e7\u00e3o de pregar e sermos testemunhas do Evangelho, na motiva\u00e7\u00e3o em Cristo Jesus, de n\u00e3o apenas levarmos solu\u00e7\u00e3o para essa vida passageira, mas tamb\u00e9m, a oportunidade de viver a eternidade com Deus, mission\u00e1rios s\u00e3o enviados por suas Igrejas para continuarem aben\u00e7oando novos campos.<\/span><\/p>\n<p style=\"text-align: justify;\"><span style=\"font-family: helvetica, arial, sans-serif;\">Agradecemos a Deus por infinita bondade e miseric\u00f3rdia, assim como tamb\u00e9m as igrejas que comp\u00f5em a Conven\u00e7\u00e3o Batista do Par\u00e1 nos apoiando e intercedendo por Mais de Cristo no Par\u00e1.\u00a0\u00a0<\/span><\/p>\n<p>&nbsp;<\/p>\n<table style=\"height: 113px; width: 64.9391%; border-collapse: collapse; border-color: #000000; border-style: solid;\" border=\"1\">\n<tbody>\n<tr style=\"height: 23px;\">\n<td style=\"width: 41.3221%; height: 23px;\"><strong><span style=\"font-family: helvetica, arial, sans-serif;\">INFORMA\u00c7\u00d5ES<\/span><\/strong><\/td>\n<td style=\"width: 6.43638%; height: 23px; text-align: center;\"><strong><span style=\"font-family: helvetica, arial, sans-serif;\">TOTAL<\/span><\/strong><\/td>\n<\/tr>\n<tr style=\"height: 23px;\">\n<td style=\"width: 41.3221%; height: 23px;\"><span style=\"font-family: helvetica, arial, sans-serif;\">CASAS RECENSEADAS<\/span><\/td>\n<td style=\"width: 6.43638%; height: 23px; text-align: center;\"><strong>162<\/strong><\/td>\n<\/tr>\n<tr style=\"height: 23px;\">\n<td style=\"width: 41.3221%; height: 23px;\"><span style=\"font-family: helvetica, arial, sans-serif;\">ESTUDOS MARCADOS<\/span><\/td>\n<td style=\"width: 6.43638%; height: 23px; text-align: center;\"><strong>55<\/strong><\/td>\n<\/tr>\n<tr style=\"height: 23px;\">\n<td style=\"width: 41.3221%; height: 23px;\"><span style=\"font-family: helvetica, arial, sans-serif;\">FOLHETOS DISTRIBU\u00cdDOS<\/span><\/td>\n<td style=\"width: 6.43638%; height: 23px; text-align: center;\"><strong>833<\/strong><\/td>\n<\/tr>\n<tr style=\"height: 21px;\">\n<td style=\"width: 41.3221%; height: 21px;\"><span style=\"font-family: helvetica, arial, sans-serif;\">DECIS\u00c3O<\/span><\/td>\n<td style=\"width: 6.43638%; height: 21px; text-align: center;\"><strong>1<\/strong><\/td>\n<\/tr>\n<\/tbody>\n<\/table>\n<p>&nbsp;<\/p>\n","protected":false},"excerpt":{"rendered":"<p>O Projeto Radical Cobapa \u00e9 um projeto de impacto mission\u00e1rio criado pela atual Diretoria Executiva da Cobapa, utilizado como ferramenta de mobiliza\u00e7\u00e3o e gest\u00e3o de volunt\u00e1rios no fortalecimento e planta\u00e7\u00e3o de igrejas em v\u00e1rias cidades e regi\u00f5es do Par\u00e1. Na sua terceira edi\u00e7\u00e3o realizada em Bel\u00e9m, realizado nos dias 17 a 19 de agosto no bairro de Canudos, estivemos levando [&hellip;]<\/p>\n","protected":false},"author":224,"featured_media":8601,"comment_status":"closed","ping_status":"closed","sticky":false,"template":"","format":"standard","meta":{"footnotes":""},"categories":[1],"tags":[380,209,482,481,160,324,425,424,196,172],"_links":{"self":[{"href":"https:\/\/www.cobapa.org.br\/portal\/wp-json\/wp\/v2\/posts\/9015"}],"collection":[{"href":"https:\/\/www.cobapa.org.br\/portal\/wp-json\/wp\/v2\/posts"}],"about":[{"href":"https:\/\/www.cobapa.org.br\/portal\/wp-json\/wp\/v2\/types\/post"}],"author":[{"embeddable":true,"href":"https:\/\/www.cobapa.org.br\/portal\/wp-json\/wp\/v2\/users\/224"}],"replies":[{"embeddable":true,"href":"https:\/\/www.cobapa.org.br\/portal\/wp-json\/wp\/v2\/comments?post=9015"}],"version-history":[{"count":8,"href":"https:\/\/www.cobapa.org.br\/portal\/wp-json\/wp\/v2\/posts\/9015\/revisions"}],"predecessor-version":[{"id":12077,"href":"https:\/\/www.cobapa.org.br\/portal\/wp-json\/wp\/v2\/posts\/9015\/revisions\/12077"}],"wp:featuredmedia":[{"embeddable":true,"href":"https:\/\/www.cobapa.org.br\/portal\/wp-json\/wp\/v2\/media\/8601"}],"wp:attachment":[{"href":"https:\/\/www.cobapa.org.br\/portal\/wp-json\/wp\/v2\/media?parent=9015"}],"wp:term":[{"taxonomy":"category","embeddable":true,"href":"https:\/\/www.cobapa.org.br\/portal\/wp-json\/wp\/v2\/categories?post=9015"},{"taxonomy":"post_tag","embeddable":true,"href":"https:\/\/www.cobapa.org.br\/portal\/wp-json\/wp\/v2\/tags?post=9015"}],"curies":[{"name":"wp","href":"https:\/\/api.w.org\/{rel}","templated":true}]}}